{"id":2815,"date":"2024-12-10T20:03:17","date_gmt":"2024-12-10T19:03:17","guid":{"rendered":"https:\/\/dbs-steinfeld.de\/?p=2815"},"modified":"2024-12-11T13:18:44","modified_gmt":"2024-12-11T12:18:44","slug":"vorlesewettbewerb-2024","status":"publish","type":"post","link":"https:\/\/dbs-steinfeld.de\/?p=2815","title":{"rendered":"Vorlesewettbewerb 2024"},"content":{"rendered":"\n<p>Am 10.12.2024 fand in der 3. und 4. Stunde der diesj\u00e4hrige Schulentscheid des Vorlesewettbewerbs der 6. Klassen der Don-Bosco-Schule statt. <\/p>\n\n\n\n<p>Bei S\u00fc\u00dfigkeiten und Getr\u00e4nken sa\u00dfen die Jury (Marco Kruse als Schulleiter, Marita Hehn als pensionierte Kollegin, Verena Olberding als Fachleitung Deutsch und Ramona Brinkschulte als Deutschlehrerin und Organisatorin) und die Sieger aus unseren drei sechsten Klassen gem\u00fctlich in der &#8222;Chill-out-Lounge&#8220; der Schule zusammen und h\u00f6rten sich die Beitr\u00e4ge der Sch\u00fclerinnen und Sch\u00fcler an. Diese stellten unterschiedliche B\u00fccher vor und lasen aus ihnen vor. Wie in jedem Jahr war &#8222;Gregs Tagebuch&#8220; vertreten, aber auch Spannendes wie &#8222;Die drei ???&#8220; und Phantasievolles wie &#8222;Die H\u00fcterin des Waldes&#8220;. <\/p>\n\n\n\n<p>Die Entscheidung fiel angesichts der vielen tollen Vortr\u00e4ge wirklich schwer. Als Sieger ging schlie\u00dflich Johann Borchers aus der Klasse 6a hervor, der aus dem Buch &#8222;Der Tag, an dem Oma das Internet kaputt gemacht hat&#8220; von Marc-Uwe Kling vorlas und dabei mit unterschiedlichsten Tonf\u00e4llen in den lustigen Dialogen begeisterte. Er wird nun f\u00fcr unsere Schule in die n\u00e4chste Runde gehen (S\u00fcdkreis Vechta). <\/p>\n\n\n\n<p>Auf dem Foto sind die Klassensieger zusammen mit Schulleiter Marco Kruse zu sehen: Leni Themann (6b), Janine H\u00fcninghake (6a), Schulsieger Johann Borchers (6a), Julianna Kalaschnikow (6c), Lourin Alsulaiman (6c) und Leon Kopinke (6b).<\/p>\n\n\n\n<p><\/p>\n","protected":false},"excerpt":{"rendered":"<p>Am 10.12.2024 fand in der 3. und 4. Stunde der diesj\u00e4hrige Schulentscheid des Vorlesewettbewerbs der 6. Klassen der Don-Bosco-Schule statt. Bei S\u00fc\u00dfigkeiten und Getr\u00e4nken sa\u00dfen die Jury (Marco Kruse als Schulleiter, Marita Hehn als pensionierte Kollegin, Verena Olberding als Fachleitung Deutsch und Ramona Brinkschulte als Deutschlehrerin und Organisatorin) und die Sieger aus unseren drei sechsten [&hellip;]<\/p>\n","protected":false},"author":1,"featured_media":2816,"comment_status":"closed","ping_status":"","sticky":false,"template":"","format":"standard","meta":{"footnotes":""},"categories":[1],"tags":[],"class_list":["post-2815","post","type-post","status-publish","format-standard","has-post-thumbnail","hentry","category-allgemein","entry","has-media"],"_links":{"self":[{"href":"https:\/\/dbs-steinfeld.de\/index.php?rest_route=\/wp\/v2\/posts\/2815","targetHints":{"allow":["GET"]}}],"collection":[{"href":"https:\/\/dbs-steinfeld.de\/index.php?rest_route=\/wp\/v2\/posts"}],"about":[{"href":"https:\/\/dbs-steinfeld.de\/index.php?rest_route=\/wp\/v2\/types\/post"}],"author":[{"embeddable":true,"href":"https:\/\/dbs-steinfeld.de\/index.php?rest_route=\/wp\/v2\/users\/1"}],"replies":[{"embeddable":true,"href":"https:\/\/dbs-steinfeld.de\/index.php?rest_route=%2Fwp%2Fv2%2Fcomments&post=2815"}],"version-history":[{"count":2,"href":"https:\/\/dbs-steinfeld.de\/index.php?rest_route=\/wp\/v2\/posts\/2815\/revisions"}],"predecessor-version":[{"id":2818,"href":"https:\/\/dbs-steinfeld.de\/index.php?rest_route=\/wp\/v2\/posts\/2815\/revisions\/2818"}],"wp:featuredmedia":[{"embeddable":true,"href":"https:\/\/dbs-steinfeld.de\/index.php?rest_route=\/wp\/v2\/media\/2816"}],"wp:attachment":[{"href":"https:\/\/dbs-steinfeld.de\/index.php?rest_route=%2Fwp%2Fv2%2Fmedia&parent=2815"}],"wp:term":[{"taxonomy":"category","embeddable":true,"href":"https:\/\/dbs-steinfeld.de\/index.php?rest_route=%2Fwp%2Fv2%2Fcategories&post=2815"},{"taxonomy":"post_tag","embeddable":true,"href":"https:\/\/dbs-steinfeld.de\/index.php?rest_route=%2Fwp%2Fv2%2Ftags&post=2815"}],"curies":[{"name":"wp","href":"https:\/\/api.w.org\/{rel}","templated":true}]}}